{"id":153,"date":"2014-11-28T17:43:17","date_gmt":"2014-11-28T17:43:17","guid":{"rendered":"http:\/\/annchristinemecke.wordpress.com\/?p=153"},"modified":"2021-08-21T13:23:53","modified_gmt":"2021-08-21T13:23:53","slug":"reisefieber","status":"publish","type":"post","link":"https:\/\/acmecke.de\/blog\/kolumne\/orchester-choere\/reisefieber\/","title":{"rendered":"Reisefieber"},"content":{"rendered":"\n<p>Vor einer Orchesterreise m\u00fcssen die Reiseleiter viel bedenken: Die Harfe mag nicht r\u00fcckw\u00e4rts fahren, davon wird ihr schlecht. Sie ist au\u00dferdem sehr vertr\u00e4umt und geht beim Umsteigen leicht verloren. Das Fagott braucht mindestens alle zwei Stunden eine Rauchpause, sonst sinkt die Stimmung bedenklich. Und das Cello reist sowieso nur erster Klasse, es stammt schlie\u00dflich aus dem Hause Amati!<\/p>\n\n\n\n<p>Der Orgel ist das alles zu anstrengend: Sie bleibt zu Hause und l\u00e4sst sich auf der Reise vertreten. Der Kontrabass kommt oft zu sp\u00e4t und muss dann noch irgendwo platziert werden, was bei seiner Gr\u00f6\u00dfe nicht ganz einfach ist. Auch die Posaune braucht einen Platz mit Extra-Beinfreiheit; f\u00fcr die Tuba muss bei Flugreisen der Sicherheitsgurt verl\u00e4ngert werden \u2013 das darf ihr aber niemand sagen, sonst ist sie beleidigt!<\/p>\n\n\n\n<p>Die Bratschen wollen ein gemeinsames Abteil und machen dann meistens kichernd eine Dose Kolophonium auf. Die Pauke braucht dagegen beim Reisen Ruhe, ohne ihre Schlafbrille steigt sie gar nicht erst ein. Die Klarinette kann bei Aufregung die Klappen nicht halten und n\u00f6lt alle voll, die in der N\u00e4he sitzen. Neben dem Horn mag auch keiner Platz nehmen \u2013 es hat Schalltrichtergeruch!<\/p>\n\n\n\n<p>Die Verpflegung ist ebenfalls ein Problem: Von den Violinen leben f\u00fcnf vegetarisch, zwei vegan. Das Schlagzeug verzichtet aus religi\u00f6sen Gr\u00fcnden auf Schweinefleisch, die Tuba versucht es seit einiger Zeit mit Low-Carb. Die Oboe hat tausend Allergien, die ihr Ausschlag am Mundst\u00fcck verursachen; die Bassposaune braucht doppelte Portionen. Die Trompete besteht auf feinstem Ventil\u00f6l, die Fl\u00f6te hat hingegen ihren eigenen Flachmann dabei \u2013 nat\u00fcrlich nur gegen die Aufregung!<\/p>\n\n\n\n<p>Sind alle T\u00fcren geschlossen, alle Mundst\u00fccke, D\u00e4mpfer und B\u00f6gen an Bord, wischen sich die Reiseleiter den Schwei\u00df von der Stirn. Erleichtert wenden sie sich den Musikern zu: Wie pflegeleicht sind die Damen und Herren im Vergleich mit ihren Instrumenten!<\/p>\n\n\n\n<hr class=\"wp-block-separator\"\/>\n\n\n\n<p>\u00a9<a href=\"http:\/\/www.acmecke.de\"> Ann-Christine Mecke<\/a> 2014 | erschienen im <a rel=\"noreferrer noopener\" href=\"http:\/\/www.gewandhausmagazin.de\" target=\"_blank\">Gewandhausmagazin<\/a> 85 (Dezember 2014)<\/p>\n\n\n","protected":false},"excerpt":{"rendered":"<p>Vor einer Orchesterreise m\u00fcssen die Reiseleiter viel bedenken: Die Harfe mag nicht r\u00fcckw\u00e4rts fahren, davon wird ihr schlecht. Sie ist au\u00dferdem sehr vertr\u00e4umt und geht beim Umsteigen leicht verloren. Das<\/p>\n","protected":false},"author":2,"featured_media":671,"comment_status":"open","ping_status":"open","sticky":false,"template":"","format":"standard","meta":[],"categories":[229,9],"tags":[90,139,171],"_links":{"self":[{"href":"https:\/\/acmecke.de\/blog\/wp-json\/wp\/v2\/posts\/153"}],"collection":[{"href":"https:\/\/acmecke.de\/blog\/wp-json\/wp\/v2\/posts"}],"about":[{"href":"https:\/\/acmecke.de\/blog\/wp-json\/wp\/v2\/types\/post"}],"author":[{"embeddable":true,"href":"https:\/\/acmecke.de\/blog\/wp-json\/wp\/v2\/users\/2"}],"replies":[{"embeddable":true,"href":"https:\/\/acmecke.de\/blog\/wp-json\/wp\/v2\/comments?post=153"}],"version-history":[{"count":3,"href":"https:\/\/acmecke.de\/blog\/wp-json\/wp\/v2\/posts\/153\/revisions"}],"predecessor-version":[{"id":672,"href":"https:\/\/acmecke.de\/blog\/wp-json\/wp\/v2\/posts\/153\/revisions\/672"}],"wp:featuredmedia":[{"embeddable":true,"href":"https:\/\/acmecke.de\/blog\/wp-json\/wp\/v2\/media\/671"}],"wp:attachment":[{"href":"https:\/\/acmecke.de\/blog\/wp-json\/wp\/v2\/media?parent=153"}],"wp:term":[{"taxonomy":"category","embeddable":true,"href":"https:\/\/acmecke.de\/blog\/wp-json\/wp\/v2\/categories?post=153"},{"taxonomy":"post_tag","embeddable":true,"href":"https:\/\/acmecke.de\/blog\/wp-json\/wp\/v2\/tags?post=153"}],"curies":[{"name":"wp","href":"https:\/\/api.w.org\/{rel}","templated":true}]}}