{"id":160,"date":"2015-02-28T20:12:00","date_gmt":"2015-02-28T20:12:00","guid":{"rendered":"https:\/\/annchristinemecke.wordpress.com\/?p=160"},"modified":"2019-09-15T15:08:56","modified_gmt":"2019-09-15T15:08:56","slug":"lipsia-putida","status":"publish","type":"post","link":"https:\/\/acmecke.de\/blog\/kolumne\/kontrafaktisches\/lipsia-putida\/","title":{"rendered":"Lipsia putida"},"content":{"rendered":"\n<p>Dass Bischof Eido 1015 in Leipzig starb, verschaffte der Stadt ihre erste schriftliche Erw\u00e4hnung. Was f\u00fcr ein Gl\u00fcck \u2013 zwar nicht f\u00fcr den 60-j\u00e4hrigen Bischof, aber doch f\u00fcr die Stadt. Denn was w\u00e4re passiert, wenn der schon arg geschw\u00e4chte Eido sich noch ein paar Kilometer weiter geschleppt h\u00e4tte, sagen wir: bis Albrechtshain? Unter diesen Umst\u00e4nden w\u00e4re wohl Albrechtshain zur ber\u00fchmten Messe- und Musikstadt herangewachsen und k\u00f6nnte in diesem Jahr sein 1000-j\u00e4hriges Jubil\u00e4um feiern, nat\u00fcrlich mit Festkonzert der Albrechtshainer Philharmoniker im Gro\u00dfen Saal des ehrw\u00fcrdigen Konzerthauses Albrechtshain, vielleicht sogar zur Feier des Tages in der Albrechtshainer Arena.<\/p>\n\n\n\n<p>Leipzigs erste Erw\u00e4hnung hingegen w\u00e4re erst 1438 erfolgt, als die Kutsche von Friedrich dem Sanftm\u00fctigen auf der Durchreise ins Rutschen geriet und in die Plei\u00dfe fiel. Ein reichlich sp\u00e4ter Zeitpunkt f\u00fcr den Eintritt einer Stadt in die Weltgeschichte! Au\u00dferdem soll der sonst so sanftm\u00fctige Kurf\u00fcrst laut seinem Chronisten ausgerufen haben: \u00bbLipsia putida!\u00ab (modriges Leipzig), als er mit durchweichter Kleidung wieder in die Kutsche stieg. Diese \u00c4u\u00dferung stellt bis heute eine schwere Erblast f\u00fcr das Leipziger Stadtmarketing dar, das derzeit versucht, die kleine Stadt als Standort gro\u00dfer Kur- und Rehakliniken bekannter zu machen.<\/p>\n\n\n\n<p>Und Johann Sebastian Bach? Er bewarb sich 1721 als Kantor der Petrikirche in Albrechtshain, der Stadtrat entschied sich jedoch f\u00fcr Georg Philipp Telemann, der die Stelle wegen der gro\u00dfz\u00fcgigen Bezahlung auch gern annahm und bis zu seinem Tod gut 8000 Kantaten f\u00fcr Albrechtshain schrieb. Bach blieb bis an sein Lebensende Kapellmeister in K\u00f6then und komponierte Instrumentalmusik. Sein heute bekanntestes Werk ist jedoch das 1742 geschriebene Singspiel \u00bbAlbrechtshainer Allerlei oder: Der sterbende Bischof\u00ab.<\/p>\n\n\n\n<hr class=\"wp-block-separator\"\/>\n\n\n\n<p>\u00a9<a href=\"http:\/\/www.acmecke.de\"> Ann-Christine Mecke<\/a> 2015 | erschienen im <a rel=\"noreferrer noopener\" href=\"http:\/\/www.gewandhausmagazin.de\" target=\"_blank\">Gewandhausmagazin<\/a> 86 (M\u00e4rz 2015)<\/p>\n\n\n","protected":false},"excerpt":{"rendered":"<p>Dass Bischof Eido 1015 in Leipzig starb, verschaffte der Stadt ihre erste schriftliche Erw\u00e4hnung. Was f\u00fcr ein Gl\u00fcck \u2013 zwar nicht f\u00fcr den 60-j\u00e4hrigen Bischof, aber doch f\u00fcr die Stadt.<\/p>\n","protected":false},"author":2,"featured_media":162,"comment_status":"open","ping_status":"open","sticky":false,"template":"","format":"standard","meta":[],"categories":[229,3,4],"tags":[19,26,56,59,71,92,107,203],"_links":{"self":[{"href":"https:\/\/acmecke.de\/blog\/wp-json\/wp\/v2\/posts\/160"}],"collection":[{"href":"https:\/\/acmecke.de\/blog\/wp-json\/wp\/v2\/posts"}],"about":[{"href":"https:\/\/acmecke.de\/blog\/wp-json\/wp\/v2\/types\/post"}],"author":[{"embeddable":true,"href":"https:\/\/acmecke.de\/blog\/wp-json\/wp\/v2\/users\/2"}],"replies":[{"embeddable":true,"href":"https:\/\/acmecke.de\/blog\/wp-json\/wp\/v2\/comments?post=160"}],"version-history":[{"count":2,"href":"https:\/\/acmecke.de\/blog\/wp-json\/wp\/v2\/posts\/160\/revisions"}],"predecessor-version":[{"id":486,"href":"https:\/\/acmecke.de\/blog\/wp-json\/wp\/v2\/posts\/160\/revisions\/486"}],"wp:featuredmedia":[{"embeddable":true,"href":"https:\/\/acmecke.de\/blog\/wp-json\/wp\/v2\/media\/162"}],"wp:attachment":[{"href":"https:\/\/acmecke.de\/blog\/wp-json\/wp\/v2\/media?parent=160"}],"wp:term":[{"taxonomy":"category","embeddable":true,"href":"https:\/\/acmecke.de\/blog\/wp-json\/wp\/v2\/categories?post=160"},{"taxonomy":"post_tag","embeddable":true,"href":"https:\/\/acmecke.de\/blog\/wp-json\/wp\/v2\/tags?post=160"}],"curies":[{"name":"wp","href":"https:\/\/api.w.org\/{rel}","templated":true}]}}