{"id":193,"date":"2016-03-04T21:18:29","date_gmt":"2016-03-04T21:18:29","guid":{"rendered":"https:\/\/annchristinemecke.wordpress.com\/?p=193"},"modified":"2022-07-17T15:30:33","modified_gmt":"2022-07-17T15:30:33","slug":"luegenlibrettistik","status":"publish","type":"post","link":"https:\/\/acmecke.de\/blog\/kolumne\/kontrafaktisches\/luegenlibrettistik\/","title":{"rendered":"L\u00fcgenlibrettistik"},"content":{"rendered":"\n<p>Die Anf\u00e4nge der \u00bbPatriotischen Musikfreunde gegen die Islamisierung des Abendlandes\u00ab (Pamugida) waren unscheinbar: Bei Facebook riefen lediglich einzelne \u00bbbesorgte H\u00f6rer\u00ab zum Boykott von Mozarts \u00bbT\u00fcrkischem Marsch\u00ab auf. Doch mit wachsendem Erfolg wurde die Bewegung immer selbstsicherer: Demonstranten forderten, das Ballett solle vollst\u00e4ndig auf die Pose \u00bbArabesque\u00ab verzichten, weil diese der Islamisierung Vorschub leiste. Opern- und Konzertbesucher wurden als \u00bbVolksverr\u00e4ter\u00ab beschimpft, weil sie sich Werke wie \u00bbScheherazade\u00ab, \u00bbDer T\u00fcrke in Italien\u00ab oder die \u00bbPolowetzer T\u00e4nze\u00ab anh\u00f6ren wollten. Und als der muslimische Bassa in Mozarts\u00bbDie Entf\u00fchrung aus dem Serail\u00ab die Begnadigung der Serailfl\u00fcchtlinge aussprach, riefen zahlreiche Zuschauer laut: \u00bbL\u00fcgenlibrettistik!\u00ab Dieser Protest f\u00fchrte allerdings zu einer allgemeinen Verwirrung, weil die K\u00fcnstler auf der B\u00fchne nur \u00bbLischnl\u00fcbreddisdik\u00ab verstanden \u2013 ein umsichtiger Requisiteur glaubte sogar, es w\u00fcrde dringend eine Liege ben\u00f6tigt, und brachte ein Feldbett in den Zuschauerraum.<\/p>\n\n\n\n<p>Dann kam es zu den Gewalttaten am K\u00f6lner Hauptbahnhof, und die Pamugidas entdeckten ihr Herz f\u00fcr die Oper: \u00bbSo sieht\u2019s doch aus\u00ab, schallte es aus dem Zuschauerraum, als Monostatos sich der schlafenden Pamina n\u00e4herte oder als Otello Desdemona erw\u00fcrgte. Die Pamugidas wurden nicht nur zu Abonnenten, sondern auch zu Experten, die den Migrationshintergrund jeder Opernfigur, jedes Instruments und jeder musikalischen Verzierung kannten. Auch im Konzert gefielen sich die neuen Abonnenten nun in lauten Zwischenrufen wie: \u00bbSiehste! Das wird man ja wohl noch komponieren d\u00fcrfen!\u00ab, wenn eine Tonleiter ungew\u00f6hnlich verteilte Halbtonschritte aufwies.<\/p>\n\n\n\n<p>Intendanten, die verzweifelt ob ihrer neuen Fans in den Kulturministerien um Hilfe baten, stie\u00dfen dort allerdings auf taube Ohren. Man sei froh, hie\u00df es, dass die Leute von der Stra\u00dfe weg seien.<\/p>\n\n\n\n<hr class=\"wp-block-separator has-css-opacity\"\/>\n\n\n\n<p>\u00a9<a href=\"http:\/\/www.acmecke.de\"> Ann-Christine Mecke<\/a> 2016 | erschienen im <a rel=\"noreferrer noopener\" href=\"http:\/\/www.gewandhausmagazin.de\" target=\"_blank\">Gewandhausmagazin<\/a> 90 (M\u00e4rz 2016)<\/p>\n\n\n","protected":false},"excerpt":{"rendered":"<p>Die Anf\u00e4nge der \u00bbPatriotischen Musikfreunde gegen die Islamisierung des Abendlandes\u00ab (Pamugida) waren unscheinbar: Bei Facebook riefen lediglich einzelne \u00bbbesorgte H\u00f6rer\u00ab zum Boykott von Mozarts \u00bbT\u00fcrkischem Marsch\u00ab auf. Doch mit wachsendem<\/p>\n","protected":false},"author":2,"featured_media":195,"comment_status":"closed","ping_status":"open","sticky":false,"template":"","format":"standard","meta":[],"categories":[229,3,7],"tags":[22,101,121,137,150,152,163,173,216],"_links":{"self":[{"href":"https:\/\/acmecke.de\/blog\/wp-json\/wp\/v2\/posts\/193"}],"collection":[{"href":"https:\/\/acmecke.de\/blog\/wp-json\/wp\/v2\/posts"}],"about":[{"href":"https:\/\/acmecke.de\/blog\/wp-json\/wp\/v2\/types\/post"}],"author":[{"embeddable":true,"href":"https:\/\/acmecke.de\/blog\/wp-json\/wp\/v2\/users\/2"}],"replies":[{"embeddable":true,"href":"https:\/\/acmecke.de\/blog\/wp-json\/wp\/v2\/comments?post=193"}],"version-history":[{"count":3,"href":"https:\/\/acmecke.de\/blog\/wp-json\/wp\/v2\/posts\/193\/revisions"}],"predecessor-version":[{"id":756,"href":"https:\/\/acmecke.de\/blog\/wp-json\/wp\/v2\/posts\/193\/revisions\/756"}],"wp:featuredmedia":[{"embeddable":true,"href":"https:\/\/acmecke.de\/blog\/wp-json\/wp\/v2\/media\/195"}],"wp:attachment":[{"href":"https:\/\/acmecke.de\/blog\/wp-json\/wp\/v2\/media?parent=193"}],"wp:term":[{"taxonomy":"category","embeddable":true,"href":"https:\/\/acmecke.de\/blog\/wp-json\/wp\/v2\/categories?post=193"},{"taxonomy":"post_tag","embeddable":true,"href":"https:\/\/acmecke.de\/blog\/wp-json\/wp\/v2\/tags?post=193"}],"curies":[{"name":"wp","href":"https:\/\/api.w.org\/{rel}","templated":true}]}}