{"id":198,"date":"2016-05-30T21:00:58","date_gmt":"2016-05-30T21:00:58","guid":{"rendered":"https:\/\/annchristinemecke.wordpress.com\/?p=198"},"modified":"2019-09-15T14:58:27","modified_gmt":"2019-09-15T14:58:27","slug":"sommernachtskritik","status":"publish","type":"post","link":"https:\/\/acmecke.de\/blog\/kolumne\/musikkritik\/sommernachtskritik\/","title":{"rendered":"Sommernachtskritik"},"content":{"rendered":"\n<p>Einer der seltenen Auftritte der international gefeierten Sommervirtuosin Julia Arto verspricht leidenschaftliche Virtuosit\u00e4t. F\u00fcr intellektuelle Durchdringung der Werke und beziehungsreiche Programmgestaltung ist Arto bisher weniger bekannt. Bei ihrem Leipziger Sommerabend im Clara-Zetkin-Park bewies sie jedoch, dass sie zu Unrecht nur als Meisterin der Expressivit\u00e4t angesehen wird.<\/p>\n\n\n\n<p>Der pr\u00e4chtig und farbenreich gespielte, aber recht konventionell strukturierte <em>Sonnenuntergang<\/em> lie\u00df davon zun\u00e4chst wenig aufscheinen. Doch die pr\u00e4zise dosierte <em>Abendbrise<\/em> setzte einen neuen Ton, und mit dem tr\u00e4umerischen <em>Froschkonzert<\/em>, das Arto wie aus dem Nichts beginnen lie\u00df, begann ein ausgesprochen beziehungsreicher Teil des Abends. Wie stark das <em>Froschkonzert<\/em> und der darauf folgende <em>M\u00fcckenflug<\/em> trotz des unterschiedlichen musikalischen Temperaments (das Arto keineswegs verleugnet!) aufeinander bezogen sind, zeigte die technisch brillante Sommeristin vor allem durch eindringlich herausgearbeitete rhythmische Parallelen.<\/p>\n\n\n\n<p>Der kr\u00e4ftige <em>Abendstern<\/em> setzte einen sorgsam durchdachten Kontrapunkt, ohne die Zartheit des Abends ganz aufzugeben. Arto schien ihn ganz aus dem <em>Sonnenuntergang<\/em> zu entwickeln, mit einem fein aufkeimenden Beginn und leuchtenden Spitzen. Vielgestaltig dann der Klassiker zum Abschluss: Arto gestaltete den <em>Nachtigallengesang<\/em> \u00fcberraschend emotional, dabei aber unpr\u00e4tenti\u00f6s und komplex in Klang und Phrasierung. Auch die Zugabe, das erst munter perlende und dann sanft verd\u00e4mmernde <em>Bachgemurmel<\/em>, f\u00fcgte sich bei aller ausgestellten Virtuosit\u00e4t schl\u00fcssig in das Programm.<\/p>\n\n\n\n<p>Die mittlerweile nicht mehr zu den \u00bbJungstars\u00ab geh\u00f6rende Sommeristin beweist, wie produktiv und letztlich gewinnbringend eine Abkehr von den vermeintlichen Zw\u00e4ngen des Jahreszeiten-Marktes sein kann: Gerade die langen Pausen zwischen ihren Auftritten scheinen Arto die k\u00fcnstlerische Reifung zu erm\u00f6glichen. Dieser Sommerabend setzte Ma\u00dfst\u00e4be!<\/p>\n\n\n\n<hr class=\"wp-block-separator\"\/>\n\n\n\n<p>\u00a9<a href=\"http:\/\/www.acmecke.de\"> Ann-Christine Mecke<\/a> 2016 | erschienen im <a rel=\"noreferrer noopener\" href=\"http:\/\/www.gewandhausmagazin.de\" target=\"_blank\">Gewandhausmagazin<\/a> 91 (Juni 2016)<\/p>\n\n\n","protected":false},"excerpt":{"rendered":"<p>Einer der seltenen Auftritte der international gefeierten Sommervirtuosin Julia Arto verspricht leidenschaftliche Virtuosit\u00e4t. F\u00fcr intellektuelle Durchdringung der Werke und beziehungsreiche Programmgestaltung ist Arto bisher weniger bekannt. Bei ihrem Leipziger Sommerabend<\/p>\n","protected":false},"author":2,"featured_media":200,"comment_status":"open","ping_status":"open","sticky":false,"template":"","format":"standard","meta":[],"categories":[229,6,8],"tags":[15,28,73,101,116,136,165,184,228],"_links":{"self":[{"href":"https:\/\/acmecke.de\/blog\/wp-json\/wp\/v2\/posts\/198"}],"collection":[{"href":"https:\/\/acmecke.de\/blog\/wp-json\/wp\/v2\/posts"}],"about":[{"href":"https:\/\/acmecke.de\/blog\/wp-json\/wp\/v2\/types\/post"}],"author":[{"embeddable":true,"href":"https:\/\/acmecke.de\/blog\/wp-json\/wp\/v2\/users\/2"}],"replies":[{"embeddable":true,"href":"https:\/\/acmecke.de\/blog\/wp-json\/wp\/v2\/comments?post=198"}],"version-history":[{"count":2,"href":"https:\/\/acmecke.de\/blog\/wp-json\/wp\/v2\/posts\/198\/revisions"}],"predecessor-version":[{"id":480,"href":"https:\/\/acmecke.de\/blog\/wp-json\/wp\/v2\/posts\/198\/revisions\/480"}],"wp:featuredmedia":[{"embeddable":true,"href":"https:\/\/acmecke.de\/blog\/wp-json\/wp\/v2\/media\/200"}],"wp:attachment":[{"href":"https:\/\/acmecke.de\/blog\/wp-json\/wp\/v2\/media?parent=198"}],"wp:term":[{"taxonomy":"category","embeddable":true,"href":"https:\/\/acmecke.de\/blog\/wp-json\/wp\/v2\/categories?post=198"},{"taxonomy":"post_tag","embeddable":true,"href":"https:\/\/acmecke.de\/blog\/wp-json\/wp\/v2\/tags?post=198"}],"curies":[{"name":"wp","href":"https:\/\/api.w.org\/{rel}","templated":true}]}}