{"id":302,"date":"2019-03-08T13:44:07","date_gmt":"2019-03-08T12:44:07","guid":{"rendered":"https:\/\/annchristinemecke.wordpress.com\/?p=302"},"modified":"2020-12-06T11:00:21","modified_gmt":"2020-12-06T11:00:21","slug":"verbrauchertipp","status":"publish","type":"post","link":"https:\/\/acmecke.de\/blog\/kolumne\/marketing-sponsoring\/verbrauchertipp\/","title":{"rendered":"Verbrauchertipp"},"content":{"rendered":"\n<p>Viele Veranstalter werben damit, dass die bei ihnen gespielte Musik aus der Stadt, dem Landkreis oder schlicht \u00bbaus der Region \u00ab stammen soll, in der das Konzert stattfindet. Das klingt nach lokalen Traditionen und Spezialit\u00e4ten, nach geringer Umweltbelastung und einer St\u00e4rkung der regionalen Wirtschaft. Die Verbraucherzentralen raten allerdings zur Vorsicht: Nicht immer garantieren solche wohlklingenden Versprechungen wirklich Frische, kurze Transportwege oder gar Arbeitspl\u00e4tze im n\u00e4heren Umfeld. Daf\u00fcr legen viele Veranstalter die \u00bbRegion\u00ab viel zu gro\u00dfz\u00fcgig aus. Wer die Umwelt und die regionalen Betriebe unterst\u00fctzen m\u00f6chte, sollte nicht nur \u2013 wie oft empfohlen \u2013 auf den Herkunftsort des Komponisten achten, sondern auch den Aufzuchtbetrieb und den Schlacht- respektive Sterbeort ber\u00fccksichtigen. Dar\u00fcber hinaus k\u00f6nnen die verwendeten Rohstoffe die Umweltbilanz verderben: Woher stammen Tinte und Notenpapier? Und verlangt der Komponist elektronische Musikinstrumente mit hohem Energieverbrauch oder gar Instrumente aus Tropenholz?<\/p>\n\n\n\n<p>Um all das f\u00fcr die Konzertbesucher transparent zu machen, haben einige Veranstalter ein gemeinsames Label ins Leben gerufen. Das Kennzeichen \u00bbMusica Regionis\u00ab (symbolisiert durch eine Note im Maschendrahtzaun) garantiert, dass keiner der gespielten Komponisten sich jemals weiter als 70 Kilometer vom Konzertort entfernt hat. Auch f\u00fcr die musikalischen Rohstoffe gelten strenge Grenzwerte. Die so gekennzeichneten Konzerte seien \u00bbso regional wie ein Kohlrabi aus Nachbars Garten\u00ab, wie ein Verbandssprecher bei der Pressekonferenz launig betonte.<\/p>\n\n\n\n<p>Verbrauchersch\u00fctzer kritisieren allerdings, dass das Label nichts \u00fcber die Frische der gespielten Musik verrate. Hier gelte es weiterhin, das Herstellungsdatum zu beachten. Eine eventuell angegebene Mindesthaltbarkeit k\u00f6nne man aber getrost vergessen, so die Verbraucherzentralen, und sich ganz auf sein pers\u00f6nliches Geschmacksempfinden verlassen.<\/p>\n\n\n\n<hr class=\"wp-block-separator\"\/>\n\n\n\n<p>   \u00a9<a href=\"http:\/\/www.acmecke.de\/\"> Ann-Christine Mecke<\/a> 2019 | erschienen im <a rel=\"noreferrer noopener\" href=\"http:\/\/www.gewandhausmagazin.de\/\" target=\"_blank\">Gewandhausmagazin<\/a> 102 (M\u00e4rz 2019)   <\/p>\n\n\n","protected":false},"excerpt":{"rendered":"<p>Viele Veranstalter werben damit, dass die bei ihnen gespielte Musik aus der Stadt, dem Landkreis oder schlicht \u00bbaus der Region \u00ab stammen soll, in der das Konzert stattfindet. Das klingt<\/p>\n","protected":false},"author":2,"featured_media":305,"comment_status":"open","ping_status":"open","sticky":false,"template":"","format":"standard","meta":[],"categories":[229,4],"tags":[99,100,101,114,129,130,162,212],"_links":{"self":[{"href":"https:\/\/acmecke.de\/blog\/wp-json\/wp\/v2\/posts\/302"}],"collection":[{"href":"https:\/\/acmecke.de\/blog\/wp-json\/wp\/v2\/posts"}],"about":[{"href":"https:\/\/acmecke.de\/blog\/wp-json\/wp\/v2\/types\/post"}],"author":[{"embeddable":true,"href":"https:\/\/acmecke.de\/blog\/wp-json\/wp\/v2\/users\/2"}],"replies":[{"embeddable":true,"href":"https:\/\/acmecke.de\/blog\/wp-json\/wp\/v2\/comments?post=302"}],"version-history":[{"count":3,"href":"https:\/\/acmecke.de\/blog\/wp-json\/wp\/v2\/posts\/302\/revisions"}],"predecessor-version":[{"id":578,"href":"https:\/\/acmecke.de\/blog\/wp-json\/wp\/v2\/posts\/302\/revisions\/578"}],"wp:featuredmedia":[{"embeddable":true,"href":"https:\/\/acmecke.de\/blog\/wp-json\/wp\/v2\/media\/305"}],"wp:attachment":[{"href":"https:\/\/acmecke.de\/blog\/wp-json\/wp\/v2\/media?parent=302"}],"wp:term":[{"taxonomy":"category","embeddable":true,"href":"https:\/\/acmecke.de\/blog\/wp-json\/wp\/v2\/categories?post=302"},{"taxonomy":"post_tag","embeddable":true,"href":"https:\/\/acmecke.de\/blog\/wp-json\/wp\/v2\/tags?post=302"}],"curies":[{"name":"wp","href":"https:\/\/api.w.org\/{rel}","templated":true}]}}