{"id":312,"date":"2019-06-03T11:10:46","date_gmt":"2019-06-03T10:10:46","guid":{"rendered":"https:\/\/annchristinemecke.wordpress.com\/?p=312"},"modified":"2021-03-06T14:06:45","modified_gmt":"2021-03-06T14:06:45","slug":"landschaften","status":"publish","type":"post","link":"https:\/\/acmecke.de\/blog\/kolumne\/marketing-sponsoring\/landschaften\/","title":{"rendered":"Landschaften"},"content":{"rendered":"\n<p>Als August Kleinparis eines Morgens aus unruhigen Tr\u00e4umen erwachte, fand er sich in seinem Bett zu einer ungeheuren Festivallandschaft verwandelt. Er lag auf einem buchdeckelharten R\u00fccken und konnte den von Dokumentarfilmrollen umkr\u00e4nzten Kopf nur mit M\u00fche anheben. H\u00f6rspiele und Jazzmusik dr\u00f6hnten in seinen Ohren, und er \u00e4chzte unter der Last eines gewaltigen Bachfest-Bauches. Statt Arme flimmerten zwei unsichere Biennalen hilflos vor seinen Augen. Bl\u00fchende Landschaften fand August in seinem Bauchnabel vor: Das musste die Freie Szene sein. Lautstark forderte sie mehr Platz.<\/p>\n\n\n\n<p>W\u00e4hrend August noch versuchte, seine Lage zu erfassen, klopfte es an die T\u00fcr: \u201eHerr Kleinparis? Wollten Sie nicht abreisen? Wir m\u00f6chten heute beginnen, die 65.000 neuen Hotelbetten zu bauen\u201c, kam es h\u00f6flich aus dem Flur. \u201eJa, nat\u00fcrlich\u201c, antwortete August, bem\u00fcht, die Stimme beim \u00dcbert\u00f6nen der H\u00f6rspielkl\u00e4nge nicht unnat\u00fcrlich laut werden zu lassen, \u201egeben Sie mir noch zehn Minuten!\u201c Mithilfe kraftvoller Bewegungskunst richtete er sich auf und schaute sich um: An der Wand hing noch immer das vertraute Landschaftsbild \u201eWei\u00dfe Elster an der wei\u00dfen Elster\u201c, die Sofalandschaft leuchte coffee-farben, auf dem Tisch der Bildband \u00fcber Landschaftskunde, den er sich vor dem Zubettgehen angesehen hatte. Erneut klopfte es an der T\u00fcr: \u201eDie Dame von der Messe w\u00e4re jetzt da, um mit Ihnen \u00fcber die neue Messelandschaft zu sprechen. Sp\u00e4ter ist dann das Gespr\u00e4ch \u00fcber die Spiellandschaft des Theaters.\u201c August seufzte und rief: \u201eIch glaube, ich brauche zun\u00e4chst einen Landschaftsg\u00e4rtner!\u201c Im Flur wurde es still. August schloss die Augen und sank zur\u00fcck auf das Bett.<\/p>\n\n\n\n<p>Als August Kleinparis am Morgen aus unruhigen Tr\u00e4umen erwachte, fand er sich zu seiner Erleichterung im gewohnten Zustande. Nur als er beim Aufstehen versonnen das Landschaftsgem\u00e4lde betrachtete, war es ihm, als w\u00fcrde die Elster mit einem Fl\u00fcgel an ihre Stirn tippen.<\/p>\n\n\n\n<hr class=\"wp-block-separator\"\/>\n\n\n\n<p>  \u00a9<a href=\"http:\/\/www.acmecke.de\/\"> Ann-Christine Mecke<\/a> 2019 | erschienen im <a rel=\"noreferrer noopener\" href=\"http:\/\/www.gewandhausmagazin.de\/\" target=\"_blank\">Gewandhausmagazin<\/a> 103 (Juni 2019)  <\/p>\n\n\n","protected":false},"excerpt":{"rendered":"<p>Als August Kleinparis eines Morgens aus unruhigen Tr\u00e4umen erwachte, fand er sich in seinem Bett zu einer ungeheuren Festivallandschaft verwandelt. Er lag auf einem buchdeckelharten R\u00fccken und konnte den von Dokumentarfilmrollen umkr\u00e4nzten Kopf nur mit M\u00fche anheben. H\u00f6rspiele und Jazzmusik dr\u00f6hnten in seinen Ohren, und er \u00e4chzte unter der Last eines gewaltigen Bachfest-Bauches. Statt Arme flimmerten zwei unsichere Biennalen hilflos vor seinen Augen. Bl\u00fchende Landschaften fand August in seinem Bauchnabel vor: Das musste die Freie Szene sein. Lautstark forderte sie mehr Platz.<\/p>\n","protected":false},"author":2,"featured_media":316,"comment_status":"open","ping_status":"open","sticky":false,"template":"","format":"standard","meta":[],"categories":[229,4,11],"tags":[27,66,107,213],"_links":{"self":[{"href":"https:\/\/acmecke.de\/blog\/wp-json\/wp\/v2\/posts\/312"}],"collection":[{"href":"https:\/\/acmecke.de\/blog\/wp-json\/wp\/v2\/posts"}],"about":[{"href":"https:\/\/acmecke.de\/blog\/wp-json\/wp\/v2\/types\/post"}],"author":[{"embeddable":true,"href":"https:\/\/acmecke.de\/blog\/wp-json\/wp\/v2\/users\/2"}],"replies":[{"embeddable":true,"href":"https:\/\/acmecke.de\/blog\/wp-json\/wp\/v2\/comments?post=312"}],"version-history":[{"count":4,"href":"https:\/\/acmecke.de\/blog\/wp-json\/wp\/v2\/posts\/312\/revisions"}],"predecessor-version":[{"id":604,"href":"https:\/\/acmecke.de\/blog\/wp-json\/wp\/v2\/posts\/312\/revisions\/604"}],"wp:featuredmedia":[{"embeddable":true,"href":"https:\/\/acmecke.de\/blog\/wp-json\/wp\/v2\/media\/316"}],"wp:attachment":[{"href":"https:\/\/acmecke.de\/blog\/wp-json\/wp\/v2\/media?parent=312"}],"wp:term":[{"taxonomy":"category","embeddable":true,"href":"https:\/\/acmecke.de\/blog\/wp-json\/wp\/v2\/categories?post=312"},{"taxonomy":"post_tag","embeddable":true,"href":"https:\/\/acmecke.de\/blog\/wp-json\/wp\/v2\/tags?post=312"}],"curies":[{"name":"wp","href":"https:\/\/api.w.org\/{rel}","templated":true}]}}