{"id":327,"date":"2019-09-02T16:31:51","date_gmt":"2019-09-02T16:31:51","guid":{"rendered":"https:\/\/acmecke.de\/blog\/?p=327"},"modified":"2021-03-06T14:04:43","modified_gmt":"2021-03-06T14:04:43","slug":"schoen-neutral","status":"publish","type":"post","link":"https:\/\/acmecke.de\/blog\/kolumne\/marketing-sponsoring\/schoen-neutral\/","title":{"rendered":"Sch\u00f6n neutral"},"content":{"rendered":"\n<p><em>Wir sprechen nun mit Kathleen D\u00e4mpfer, der ersten st\u00e4dtischen Stra\u00dfenmusikkuratorin Deutschlands. Frau D\u00e4mpfer, was ist Ihre Aufgabe als Kuratorin? <\/em><\/p>\n\n\n\n<p>Ich k\u00fcmmere mich darum, dass wir eine ausgewogene Stra\u00dfenmusiklandschaft haben. Fr\u00fcher konnten Sie in der Fu\u00dfg\u00e4ngerzone vier Panfl\u00f6tengruppen hintereinander antreffen, die wom\u00f6glich auch noch die gleichen Lieder gespielt haben. Um das zu vermeiden, lasse ich mir von allen interessierten Musikern Besetzungs- und Repertoirelisten schicken. Daraus kuratiere ich dann die Gruppen, mit denen wir eine Partnerschaft eingehen. <\/p>\n\n\n\n<p><em>Hei\u00dft das, andere Musiker d\u00fcrfen gar nicht mehr \u00f6ffentlich auftreten?<\/em><\/p>\n\n\n\n<p>Doch, nat\u00fcrlich! Nur eben nicht auf den st\u00e4dtischen Stra\u00dfen und Pl\u00e4tzen, da soll die Musik originell und auf den Standort abgestimmt sein. Originell hei\u00dft: Wenn ein Dudelsackspieler schon wieder die schottische Nationalhymne anbietet, dann frage ich, ob er zur Abwechslung nicht den \u00bbHummelflug\u00ab ins Programm nehmen will. Meistens einigen wir uns dann, oder wir m\u00fcssen die Partnerschaft leider beenden. <\/p>\n\n\n\n<p><em>Und wie stimmen Sie die Musik auf die Stadt ab? <\/em><\/p>\n\n\n\n<p>Wir messen beispielsweise die Fu\u00dfg\u00e4ngergeschwindigkeiten und suchen dann passende Rhythmen. Die Musik muss nat\u00fcrlich auch mit dem wirtschaftlichen Angebot des Standorts harmonieren: Vor einer Pizzeria will niemand Rachmaninoff h\u00f6ren, Neue Musik passt nicht in historische Stadtkerne, und vor eine Bank geh\u00f6ren keine kapitalismuskritischen Songs.<\/p>\n\n\n\n<p><em>Ach, nicht? Wo sind die denn besser aufgehoben?<\/em><\/p>\n\n\n\n<p>F\u00fcr politische Musik haben wir einen eigenen Standort an der Ausfallstra\u00dfe Richtung Flughafen. Da st\u00f6rt das niemanden, und in der Innenstadt bleibt mehr Platz f\u00fcr sch\u00f6ne neutrale Kl\u00e4nge. <\/p>\n\n\n\n<hr class=\"wp-block-separator\"\/>\n\n\n\n<p>  \u00a9<a href=\"http:\/\/www.acmecke.de\"> Ann-Christine Mecke<\/a> 2019 | erschienen im <a rel=\"noreferrer noopener\" href=\"http:\/\/www.gewandhausmagazin.de\" target=\"_blank\">Gewandhausmagazin<\/a> 104 (September 2019) <\/p>\n\n\n\n<p>Beitragsbild: <a href=\"http:\/\/www.gertmothes.de\/\" target=\"_blank\" rel=\"noreferrer noopener\" aria-label=\"Gert Mothes (\u00f6ffnet in neuem Tab)\">Gert Mothes<\/a><\/p>\n","protected":false},"excerpt":{"rendered":"<p><!-- wp:paragraph --><\/p>\n<p><em>Wir sprechen nun mit Kathleen D\u00e4mpfer, der ersten st\u00e4dtischen Stra\u00dfenmusikkuratorin Deutschlands. Frau D\u00e4mpfer, was ist Ihre Aufgabe als Kuratorin? <\/em><\/p>\n<p><!-- \/wp:paragraph --><\/p>\n<p><!-- wp:paragraph --><\/p>\n<p>Ich k\u00fcmmere mich darum, dass wir eine ausgewogene Stra\u00dfenmusiklandschaft haben. Fr\u00fcher konnten Sie in der Fu\u00dfg\u00e4ngerzone vier Panfl\u00f6tengruppen hintereinander antreffen, die wom\u00f6glich auch noch die gleichen Lieder gespielt haben. Um das zu vermeiden, lasse ich mir von allen interessierten Musikern Besetzungs- und Repertoirelisten schicken. Daraus kuratiere ich dann die Gruppen, mit denen wir eine Partnerschaft eingehen. <\/p>\n<p><!-- \/wp:paragraph --><\/p>\n","protected":false},"author":1,"featured_media":331,"comment_status":"open","ping_status":"open","sticky":false,"template":"","format":"standard","meta":[],"categories":[229,4],"tags":[240,237,91,239,235,238,236],"_links":{"self":[{"href":"https:\/\/acmecke.de\/blog\/wp-json\/wp\/v2\/posts\/327"}],"collection":[{"href":"https:\/\/acmecke.de\/blog\/wp-json\/wp\/v2\/posts"}],"about":[{"href":"https:\/\/acmecke.de\/blog\/wp-json\/wp\/v2\/types\/post"}],"author":[{"embeddable":true,"href":"https:\/\/acmecke.de\/blog\/wp-json\/wp\/v2\/users\/1"}],"replies":[{"embeddable":true,"href":"https:\/\/acmecke.de\/blog\/wp-json\/wp\/v2\/comments?post=327"}],"version-history":[{"count":6,"href":"https:\/\/acmecke.de\/blog\/wp-json\/wp\/v2\/posts\/327\/revisions"}],"predecessor-version":[{"id":602,"href":"https:\/\/acmecke.de\/blog\/wp-json\/wp\/v2\/posts\/327\/revisions\/602"}],"wp:featuredmedia":[{"embeddable":true,"href":"https:\/\/acmecke.de\/blog\/wp-json\/wp\/v2\/media\/331"}],"wp:attachment":[{"href":"https:\/\/acmecke.de\/blog\/wp-json\/wp\/v2\/media?parent=327"}],"wp:term":[{"taxonomy":"category","embeddable":true,"href":"https:\/\/acmecke.de\/blog\/wp-json\/wp\/v2\/categories?post=327"},{"taxonomy":"post_tag","embeddable":true,"href":"https:\/\/acmecke.de\/blog\/wp-json\/wp\/v2\/tags?post=327"}],"curies":[{"name":"wp","href":"https:\/\/api.w.org\/{rel}","templated":true}]}}