{"id":563,"date":"2020-05-27T21:08:06","date_gmt":"2020-05-27T21:08:06","guid":{"rendered":"https:\/\/acmecke.de\/blog\/?p=563"},"modified":"2021-03-06T14:02:42","modified_gmt":"2021-03-06T14:02:42","slug":"entfaellt","status":"publish","type":"post","link":"https:\/\/acmecke.de\/blog\/kolumne\/kontrafaktisches\/entfaellt\/","title":{"rendered":"Entf\u00e4llt!"},"content":{"rendered":"\n<p>Adrian G\u00e4rtner ist einer dieser stillen Helden, die leicht vergessen werden. Vielleicht hat es damit zu tun, dass seine T\u00e4tigkeit nicht leicht zu verstehen ist: Er k\u00fcmmert sich ehrenamtlich um ausgefallene Konzerte, Theaterauff\u00fchrungen und andere Kulturereignisse, die vorbereitet waren, aber nie stattgefunden haben. Seit M\u00e4rz hat er deutlich mehr zu tun als sonst: \u00bbIch war vorher f\u00fcr ganz Deutschland zust\u00e4ndig. Inzwischen teile ich mir das mit Kolleginnen in M\u00fcnster und Ulm. Trotzdem musste ich meine Kapazit\u00e4ten enorm erh\u00f6hen.\u00ab<\/p>\n\n\n\n<p>Tausende ausgefallene Auff\u00fchrungen tauchen t\u00e4glich bei Adrian G\u00e4rtner auf und wollen beachtet werden. \u00bbMeine Aufgabe besteht darin, diese Ereignisse wahrzunehmen, damit sie nicht sinnlos erarbeitet wurden. Ich sehe und h\u00f6re sie mir an, jedes einzelne. Ich poliere sie, stelle sie ins beste Licht, leihe ihnen mein Ohr.\u00ab Dauert das nicht furchtbar lange? G\u00e4rtner lacht. \u00bbEine ausgefallene Auff\u00fchrung ist etwas ganz anderes als eine real stattfindende! Ich h\u00f6re nicht die Mahler-Sinfonie an, die nicht gespielt wird, sonst w\u00fcrde sie ja gespielt. Nein, ich nehme die Auff\u00fchrung wahr als das, was sie ist: eine ausgefallene Auff\u00fchrung. Sie ist trotzdem voller Sch\u00f6nheit, voller Details, die nie realisiert wurden. Es ist schwer zu erkl\u00e4ren. Stellen Sie sich Seifenblasen vor oder dieses leise Knirschen, wenn man einen Fu\u00df in den Schnee setzt. Nur noch weniger real. Man muss \u00fcben, das wahrzunehmen, und die dabei entstehende Trauer ist schwer auszuhalten. Aber es gibt einem auch viel zur\u00fcck, wie jedes sch\u00f6ne Ehrenamt.\u00ab <\/p>\n\n\n\n<p>Zum Gl\u00fcck kann G\u00e4rtner seine Erfahrungen mit Kolleginnen und Kollegen in anderen L\u00e4ndern teilen. \u00bbWir sind wie eine gro\u00dfe Familie und haben uns immer was zu erz\u00e4hlen. Wenn jemand dringend etwas loswerden muss, nutzen wir Videokonferenzen. Aber viel lieber sprechen wir uns beim Jahrestreffen pers\u00f6nlich. Das haben wir noch nie ausfallen lassen.\u00ab <\/p>\n\n\n\n<hr class=\"wp-block-separator\"\/>\n\n\n\n<p>\u00a9<a href=\"http:\/\/www.acmecke.de\"> Ann-Christine Mecke<\/a> 2020 | erschienen im <a rel=\"noreferrer noopener\" href=\"http:\/\/www.gewandhausmagazin.de\" target=\"_blank\">Gewandhausmagazin<\/a> 107 (Juni 2020)<\/p>\n\n\n\n<hr class=\"wp-block-separator\"\/>\n\n\n","protected":false},"excerpt":{"rendered":"<p>Adrian G\u00e4rtner ist einer dieser stillen Helden, die leicht vergessen werden. Vielleicht hat es damit zu tun, dass seine T\u00e4tigkeit nicht leicht zu verstehen ist: Er k\u00fcmmert sich ehrenamtlich um ausgefallene Konzerte, Theaterauff\u00fchrungen und andere Kulturereignisse, die vorbereitet waren, aber nie stattgefunden haben.<\/p>\n","protected":false},"author":1,"featured_media":581,"comment_status":"open","ping_status":"open","sticky":false,"template":"","format":"standard","meta":[],"categories":[229,3],"tags":[295,296,101,112],"_links":{"self":[{"href":"https:\/\/acmecke.de\/blog\/wp-json\/wp\/v2\/posts\/563"}],"collection":[{"href":"https:\/\/acmecke.de\/blog\/wp-json\/wp\/v2\/posts"}],"about":[{"href":"https:\/\/acmecke.de\/blog\/wp-json\/wp\/v2\/types\/post"}],"author":[{"embeddable":true,"href":"https:\/\/acmecke.de\/blog\/wp-json\/wp\/v2\/users\/1"}],"replies":[{"embeddable":true,"href":"https:\/\/acmecke.de\/blog\/wp-json\/wp\/v2\/comments?post=563"}],"version-history":[{"count":3,"href":"https:\/\/acmecke.de\/blog\/wp-json\/wp\/v2\/posts\/563\/revisions"}],"predecessor-version":[{"id":599,"href":"https:\/\/acmecke.de\/blog\/wp-json\/wp\/v2\/posts\/563\/revisions\/599"}],"wp:featuredmedia":[{"embeddable":true,"href":"https:\/\/acmecke.de\/blog\/wp-json\/wp\/v2\/media\/581"}],"wp:attachment":[{"href":"https:\/\/acmecke.de\/blog\/wp-json\/wp\/v2\/media?parent=563"}],"wp:term":[{"taxonomy":"category","embeddable":true,"href":"https:\/\/acmecke.de\/blog\/wp-json\/wp\/v2\/categories?post=563"},{"taxonomy":"post_tag","embeddable":true,"href":"https:\/\/acmecke.de\/blog\/wp-json\/wp\/v2\/tags?post=563"}],"curies":[{"name":"wp","href":"https:\/\/api.w.org\/{rel}","templated":true}]}}