{"id":572,"date":"2020-12-06T10:33:57","date_gmt":"2020-12-06T10:33:57","guid":{"rendered":"https:\/\/acmecke.de\/blog\/?p=572"},"modified":"2021-03-06T14:01:53","modified_gmt":"2021-03-06T14:01:53","slug":"sauerstoffmangel","status":"publish","type":"post","link":"https:\/\/acmecke.de\/blog\/kolumne\/marketing-sponsoring\/sauerstoffmangel\/","title":{"rendered":"Sauerstoffmangel"},"content":{"rendered":"\n<p>Historisch informierte Auff\u00fchrungspraxis beschr\u00e4nkt sich nicht mehr auf Darmsaiten und Verzierungstechniken. Inzwischen gilt es, dem Konzerterlebnis der Urauff\u00fchrung in jeder Hinsicht so nahe wie m\u00f6glich zu kommen. Die Beleuchtung ist dabei ein entscheidender Faktor. Thomas Alva, Inhaber von \u00bbHILD \u2013 Historisch informiertes Lightdesign\u00ab, erz\u00e4hlt uns die Geschichte seiner Firma: \u00bbIch war schon immer ein Fan von historischer Auff\u00fchrungspraxis. Irgendwann bekam ich dann mal den Auftrag, das Licht f\u00fcr ein Konzert mit Barockmusik zu gestalten. Da hab\u02bc ich die Veranstalter von Kerzen \u00fcberzeugt. Das war zwar stimmungsvoll, aber noch ganz naiv gedacht. Nach mehreren solcher Konzerte habe ich mich gefragt: Was f\u00fcr Kerzen, Bienenwachs oder Rindertalg? Talg gibt eine ganz andere Atmosph\u00e4re wegen des Geruchs. Das beeinflusst das Konzerterlebnis doch erheblich! Also habe ich recherchiert und f\u00fcr jedes St\u00fcck die passenden Kerzen ausgew\u00e4hlt \u2013 manchmal zus\u00e4tzlich Pechfackeln an den W\u00e4nden.<\/p>\n\n\n\n<p>Das in Einklang mit modernen Sicherheitsanforderungen zu bringen, ist eine Herausforderung. Ich gehe da bewusst an die Grenze: Nat\u00fcrlich will ich die Zuh\u00f6rer nicht umbringen, aber wenn das Publikum bei der Urauff\u00fchrung unter Sauerstoffmangel gelitten hat, dann geh\u00f6rt das doch irgendwie auch zu dem Werk, oder? Irgendwann kamen auch Anfragen f\u00fcr Repertoire aus dem 19. und 20. Jahrhundert, da musste ich mich in Sachen \u00d6llampen und Gasleuchten fortbilden. Es ist unglaublich, was historisches Licht f\u00fcr einen Unterschied macht! Einerseits beeinflussen Lichtst\u00e4rke und -farbe direkt das H\u00f6rerlebnis. Andererseits f\u00fcgt sich das Knistern oder Pfeifen der Leuchtmittel in die Musik ein \u2013 und dieses Ger\u00e4usch war ja bei der Komposition irgendwie mitgedacht! Jetzt w\u00fcnsche ich mir nur noch, dass das Publikum mitmacht und nicht nur auf Smartphones, sondern auch auf Gleitsichtgl\u00e4ser und Deodorant verzichtet.\u00ab <\/p>\n\n\n\n<hr class=\"wp-block-separator\"\/>\n\n\n\n<div class=\"wp-container-1 wp-block-group\"><div class=\"wp-block-group__inner-container\">\n<p>\u00a9<a href=\"http:\/\/www.acmecke.de\/\"> Ann-Christine Mecke<\/a> 2020 | erschienen im <a rel=\"noreferrer noopener\" href=\"http:\/\/www.gewandhausmagazin.de\/\" target=\"_blank\">Gewandhausmagazin<\/a> 109 (Dezember 2020)<\/p>\n<\/div><\/div>\n\n\n","protected":false},"excerpt":{"rendered":"<p>Historisch informierte Auff\u00fchrungspraxis beschr\u00e4nkt sich nicht mehr auf Darmsaiten und Verzierungstechniken. Inzwischen gilt es, dem Konzerterlebnis der Urauff\u00fchrung in jeder Hinsicht so nahe wie m\u00f6glich zu kommen. Die Beleuchtung ist dabei ein entscheidender Faktor. Thomas Alva, Inhaber von \u00bbHILD \u2013 Historisch informiertes Lightdesign\u00ab, erz\u00e4hlt uns die Geschichte seiner Firma: <\/p>\n","protected":false},"author":1,"featured_media":574,"comment_status":"open","ping_status":"open","sticky":false,"template":"","format":"standard","meta":[],"categories":[229,4],"tags":[308,310,312,306,101,313,311,309],"_links":{"self":[{"href":"https:\/\/acmecke.de\/blog\/wp-json\/wp\/v2\/posts\/572"}],"collection":[{"href":"https:\/\/acmecke.de\/blog\/wp-json\/wp\/v2\/posts"}],"about":[{"href":"https:\/\/acmecke.de\/blog\/wp-json\/wp\/v2\/types\/post"}],"author":[{"embeddable":true,"href":"https:\/\/acmecke.de\/blog\/wp-json\/wp\/v2\/users\/1"}],"replies":[{"embeddable":true,"href":"https:\/\/acmecke.de\/blog\/wp-json\/wp\/v2\/comments?post=572"}],"version-history":[{"count":4,"href":"https:\/\/acmecke.de\/blog\/wp-json\/wp\/v2\/posts\/572\/revisions"}],"predecessor-version":[{"id":597,"href":"https:\/\/acmecke.de\/blog\/wp-json\/wp\/v2\/posts\/572\/revisions\/597"}],"wp:featuredmedia":[{"embeddable":true,"href":"https:\/\/acmecke.de\/blog\/wp-json\/wp\/v2\/media\/574"}],"wp:attachment":[{"href":"https:\/\/acmecke.de\/blog\/wp-json\/wp\/v2\/media?parent=572"}],"wp:term":[{"taxonomy":"category","embeddable":true,"href":"https:\/\/acmecke.de\/blog\/wp-json\/wp\/v2\/categories?post=572"},{"taxonomy":"post_tag","embeddable":true,"href":"https:\/\/acmecke.de\/blog\/wp-json\/wp\/v2\/tags?post=572"}],"curies":[{"name":"wp","href":"https:\/\/api.w.org\/{rel}","templated":true}]}}