{"id":723,"date":"2022-03-01T10:14:48","date_gmt":"2022-03-01T10:14:48","guid":{"rendered":"https:\/\/acmecke.de\/blog\/?p=723"},"modified":"2022-07-18T12:34:45","modified_gmt":"2022-07-18T12:34:45","slug":"andante-fiorato","status":"publish","type":"post","link":"https:\/\/acmecke.de\/blog\/kolumne\/musikkritik\/andante-fiorato\/","title":{"rendered":"Andante fiorato"},"content":{"rendered":"\n<p>Wie immer, wenn sich Kritiker Nowak angemeldet hatte, verliefen die Konzertvorbereitungen angespannt,<br>und das hatte nichts mit der Musik zu tun: W\u00e4hrend Nowak ihr nach 40 Berufsjahren zunehmend gleichg\u00fcltig<br>gegen\u00fcberstand, hatte er eine immer gr\u00f6\u00dfere Leidenschaft f\u00fcr Blumendekoration entwickelt. Und so bedachte er die Orchesterleistung in seinen Kritiken nur noch mit lapidaren Lobesworten wie \u00bbsolide\u00ab oder \u00bbtadellos\u00ab, w\u00e4hrend er den Blumenschmuck meist energisch verriss. Dabei belie\u00df er es nicht bei blumenimmanenter Kritik wie \u00bbschrille Farbkombination\u00ab oder \u00bbd\u00fcrftige Rabatten\u00ab, sondern verlangte auch Harmonie zwischen Musik und Floristik. Keineswegs durfte etwa Schumanns \u00bbFr\u00fchlingssinfonie\u00ab mit Chrysanthemen kombiniert (\u00bbdepressive Herbstfratze\u00ab) oder eine seiner Ansicht nach \u00bbpastellfarbene\u00ab Musik mit leuchtender Gerbera dekoriert werden (\u00bbknallige Misst\u00f6ne von der B\u00fchnenkante\u00ab).<\/p>\n\n\n\n<p>Es gab also viel zu bedenken, und entsprechend eifrig hatte sich die neue Floristin Cindy Nagel ins Zeug gelegt. Der Konzertdramaturg war schon genervt von den vielen Telefonaten, in denen er die Musik mit Ger\u00fcchen und Farben beschreiben sollte, der Orchesterwart verwies immer wieder darauf, dass zwischen den Blumenbergen auch noch Notenpulte ihren Platz finden m\u00fcssten, und die Beleuchterin machte sp\u00f6ttische Kommentare.<\/p>\n\n\n\n<p>Doch Cindy war zufrieden. Nat\u00fcrlich war die Dekoration ein Risiko, aber mit Allerweltsfloristik konnte man<br>diesen Nowak sicher nicht beeindrucken, wenn Mahlers 9. Sinfonie gespielt wurde. Cindy zupfte noch einmal pr\u00fcfend an den \u00fcberreichen Gestecken aus Totenkopflilien, sah hinauf zu den Girlanden aus tiefschwarzen<br>Ewigkeitskamelien und Dornwurmranken, die sie von Hand abgefl\u00e4mmt hatte, und l\u00e4chelte \u00fcber die \u00fcppigen<br>Finsterlupinengebinde, die \u00fcber die Br\u00fcstungen quollen.<\/p>\n\n\n\n<p>Sie hatte es geschafft, den Saal in allen floralen Schattierungen von Schwarz erstrahlen zu lassen.<\/p>\n\n\n\n<hr class=\"wp-block-separator has-css-opacity\"\/>\n\n\n\n<p>\u00a9<a href=\"http:\/\/www.acmecke.de\/\"> Ann-Christine Mecke<\/a> 2022 | erschienen im <a rel=\"noreferrer noopener\" href=\"http:\/\/www.gewandhausmagazin.de\/\" target=\"_blank\">Gewandhausmagazin<\/a> 114 (M\u00e4rz 2022)<\/p>\n\n\n\n<p>Beitragsbild: <a rel=\"noreferrer noopener\" href=\"https:\/\/commons.wikimedia.org\/wiki\/File:Jindai_Botanical_Garden_-_Aristolochia_Salvadorensis.jpg\" target=\"_blank\">Hyo-tan<\/a>, CC BY-SA 4.0 <a rel=\"noreferrer noopener\" href=\"https:\/\/creativecommons.org\/licenses\/by-sa\/4.0\" target=\"_blank\">https:\/\/creativecommons.org\/licenses\/by-sa\/4.0<\/a>, via Wikimedia Commons<\/p>\n","protected":false},"excerpt":{"rendered":"<p>Wie immer, wenn sich Kritiker Nowak angemeldet hatte, verliefen die Konzertvorbereitungen angespannt,und das hatte nichts mit der Musik zu tun: W\u00e4hrend Nowak ihr nach 40 Berufsjahren zunehmend gleichg\u00fcltiggegen\u00fcberstand, hatte er<\/p>\n","protected":false},"author":1,"featured_media":730,"comment_status":"closed","ping_status":"open","sticky":false,"template":"","format":"standard","meta":[],"categories":[229,6,11],"tags":[346,347,350,112,348,349],"_links":{"self":[{"href":"https:\/\/acmecke.de\/blog\/wp-json\/wp\/v2\/posts\/723"}],"collection":[{"href":"https:\/\/acmecke.de\/blog\/wp-json\/wp\/v2\/posts"}],"about":[{"href":"https:\/\/acmecke.de\/blog\/wp-json\/wp\/v2\/types\/post"}],"author":[{"embeddable":true,"href":"https:\/\/acmecke.de\/blog\/wp-json\/wp\/v2\/users\/1"}],"replies":[{"embeddable":true,"href":"https:\/\/acmecke.de\/blog\/wp-json\/wp\/v2\/comments?post=723"}],"version-history":[{"count":7,"href":"https:\/\/acmecke.de\/blog\/wp-json\/wp\/v2\/posts\/723\/revisions"}],"predecessor-version":[{"id":778,"href":"https:\/\/acmecke.de\/blog\/wp-json\/wp\/v2\/posts\/723\/revisions\/778"}],"wp:featuredmedia":[{"embeddable":true,"href":"https:\/\/acmecke.de\/blog\/wp-json\/wp\/v2\/media\/730"}],"wp:attachment":[{"href":"https:\/\/acmecke.de\/blog\/wp-json\/wp\/v2\/media?parent=723"}],"wp:term":[{"taxonomy":"category","embeddable":true,"href":"https:\/\/acmecke.de\/blog\/wp-json\/wp\/v2\/categories?post=723"},{"taxonomy":"post_tag","embeddable":true,"href":"https:\/\/acmecke.de\/blog\/wp-json\/wp\/v2\/tags?post=723"}],"curies":[{"name":"wp","href":"https:\/\/api.w.org\/{rel}","templated":true}]}}