{"id":737,"date":"2022-06-02T16:45:14","date_gmt":"2022-06-02T16:45:14","guid":{"rendered":"https:\/\/acmecke.de\/blog\/?p=737"},"modified":"2022-07-18T07:51:33","modified_gmt":"2022-07-18T07:51:33","slug":"abschied","status":"publish","type":"post","link":"https:\/\/acmecke.de\/blog\/kolumne\/traeume\/abschied\/","title":{"rendered":"Abschied"},"content":{"rendered":"\n<p>Etwas au\u00dferhalb der Wiener Innenstadt liegt der Haydnpark. Hier war fr\u00fcher ein Friedhof, auf dem Joseph Haydn 1809 bestattet wurde. Ruhe fand er aber nicht: Nach der Beerdigung wurde sein Sch\u00e4del gestohlen,<br>sp\u00e4ter der enthauptete Leichnam nach Eisenstadt \u00fcberf\u00fchrt. Erst 1954 folgte der Sch\u00e4del.<\/p>\n\n\n\n<p>Ein Gedenkstein f\u00fcr Haydn ist trotzdem noch neben Parkb\u00e4nken und st\u00e4hlernen Fitnessger\u00e4ten zu finden.<br>Hier stehe ich, lausche den V\u00f6geln und betrachte den Stein. Als ich mich umdrehe, steht er pl\u00f6tzlich vor mir,<br>inklusive Kopf: Joseph Haydn. \u00bbWussten Sie eigentlich \u00ab, fragt er unvermittelt, \u00bbdass meine sogenannte<br>Abschiedssinfonie eine \u203aWiedersehenssinfonie\u2039 ist?\u00ab Ich sch\u00fcttle den Kopf, schlie\u00dflich verstummt am Ende der Sinfonie ein Instrument nach dem anderen. \u00bbIrgendein Trottel hat die letzten Seiten verschwinden lassen, auf denen nach und nach alle wieder einsetzen. Das symbolisiert das Vertrauen auf bessere Zeiten, auf Regen folgt Sonnenschein und so weiter.\u00ab<\/p>\n\n\n\n<p>\u00bbWirklich? Schreiben Sie die fehlenden Seiten doch bitte noch einmal auf! Das ist ja eine Sensation.\u00ab Haydn lacht und springt auf einen st\u00e4hlernen Crosstrainer: \u00bbAch, junge Frau, ich bin doch eigentlich gar nicht hier. Ich wollte es Ihnen nur erz\u00e4hlen.\u00ab Er h\u00e4lt inne und sieht mich ernst an: \u00bbSchauen Sie, als ich auf dem Sterbebett lag, herrschte Krieg, in meiner Nachbarschaft schlugen napoleonische Kanonenkugeln ein. Heute spielen hier Kinder, und ich habe meinen Kopf wieder. Verstehen Sie?\u00ab<\/p>\n\n\n\n<p>Ich lasse meinen Blick \u00fcber den ehemaligen Friedhof schweifen, der jetzt ein Park ist. \u00bbGlauben Sie denn, dass Ihre Wiedersehenssinfonie heute noch passen w\u00fcrde? Heute haben wir Atombomben und die Klimakrise. Ich wei\u00df nicht, ob in 200 Jahren noch irgendwo Kinder spielen.\u00ab<\/p>\n\n\n\n<p>\u00bbAber, aber\u00ab, lacht Haydn, und seine Gestalt beginnt vor meinen Augen zu verblassen, \u00bbwoher soll ich das wissen? Das war doch alles nur ein Scherz!\u00ab<\/p>\n\n\n\n<hr class=\"wp-block-separator has-css-opacity\"\/>\n\n\n\n<p>\u00a9<a href=\"http:\/\/www.acmecke.de\/\">\u00a0Ann-Christine Mecke<\/a>\u00a02022 | erschienen im\u00a0<a rel=\"noreferrer noopener\" href=\"http:\/\/www.gewandhausmagazin.de\/\" target=\"_blank\">Gewandhausmagazin<\/a>\u00a0115 (Juni 2022). Letzte Kolumne f\u00fcr das Gewandhausmagazin<\/p>\n\n\n\n<p>Beitragsbild: <a href=\"https:\/\/www.gertmothes.de\/\" target=\"_blank\" rel=\"noreferrer noopener\">Gert Mothes<\/a><\/p>\n","protected":false},"excerpt":{"rendered":"<p>Etwas au\u00dferhalb der Wiener Innenstadt liegt der Haydnpark. Hier war fr\u00fcher ein Friedhof, auf dem Joseph Haydn 1809 bestattet wurde. Ruhe fand er aber nicht: Nach der Beerdigung wurde sein<\/p>\n","protected":false},"author":1,"featured_media":744,"comment_status":"closed","ping_status":"open","sticky":false,"template":"","format":"standard","meta":[],"categories":[229,13],"tags":[351,354,357,358,360,80,353,352,356,355,359],"_links":{"self":[{"href":"https:\/\/acmecke.de\/blog\/wp-json\/wp\/v2\/posts\/737"}],"collection":[{"href":"https:\/\/acmecke.de\/blog\/wp-json\/wp\/v2\/posts"}],"about":[{"href":"https:\/\/acmecke.de\/blog\/wp-json\/wp\/v2\/types\/post"}],"author":[{"embeddable":true,"href":"https:\/\/acmecke.de\/blog\/wp-json\/wp\/v2\/users\/1"}],"replies":[{"embeddable":true,"href":"https:\/\/acmecke.de\/blog\/wp-json\/wp\/v2\/comments?post=737"}],"version-history":[{"count":9,"href":"https:\/\/acmecke.de\/blog\/wp-json\/wp\/v2\/posts\/737\/revisions"}],"predecessor-version":[{"id":777,"href":"https:\/\/acmecke.de\/blog\/wp-json\/wp\/v2\/posts\/737\/revisions\/777"}],"wp:featuredmedia":[{"embeddable":true,"href":"https:\/\/acmecke.de\/blog\/wp-json\/wp\/v2\/media\/744"}],"wp:attachment":[{"href":"https:\/\/acmecke.de\/blog\/wp-json\/wp\/v2\/media?parent=737"}],"wp:term":[{"taxonomy":"category","embeddable":true,"href":"https:\/\/acmecke.de\/blog\/wp-json\/wp\/v2\/categories?post=737"},{"taxonomy":"post_tag","embeddable":true,"href":"https:\/\/acmecke.de\/blog\/wp-json\/wp\/v2\/tags?post=737"}],"curies":[{"name":"wp","href":"https:\/\/api.w.org\/{rel}","templated":true}]}}