{"id":8,"date":"2010-12-01T14:09:00","date_gmt":"2010-12-01T14:09:00","guid":{"rendered":"http:\/\/annchristinemecke.wordpress.com\/?p=5"},"modified":"2022-04-19T10:05:53","modified_gmt":"2022-04-19T10:05:53","slug":"preiswert","status":"publish","type":"post","link":"https:\/\/acmecke.de\/blog\/kolumne\/marketing-sponsoring\/preiswert\/","title":{"rendered":"Preiswert"},"content":{"rendered":"\n<p>Gisela Hallmack-Paschulke sah zufrieden auf die R\u00fcckenlehne vor ihr. \u201eHansi Paschulke\u201c war in ein kleines Messingschild eingraviert. Es gefiel ihr immer noch, dass sie bei ihrer ersten Initiative als F\u00f6rderkreis-Vorsitzende an ihren Wellensittich gedacht hatte. Dabei war die Sesselpaten-Aktion anfangs beinah gescheitert: Das ganze Werbematerial musste eingestampft werden, nachdem Dr. Wilbert, Allgemeinmediziner und ehemaliger Vorsitzender des Vereins, darauf hingewiesen hatte, dass \u201eStuhlpate\u201c einen etwas unappetitlichen Beiklang hatte. Und \u00fcber der Frage, ob \u201eMetallwaren Schoppe\u201c automatisch eine Sesselpatenschaft bekommen sollte, weil der Laden die Schilder umsonst herstellte, war der F\u00f6rderkreis fast zerbrochen. Dass Frau Hallmack-Paschulke dann aus Bescheidenheit darauf verzichtet hatte, ihren eigenen Namen in das erste Namensschild eingravieren zu lassen, hatte ihr damals viele Sympathien eingebracht. Inzwischen waren alle Sessel vergeben, weitere Namensschilder zierten bereits den Kronleuchter.<\/p>\n\n\n\n<p>Dauerhafte Mitglieder waren hingegen schwieriger zu finden als einmalige Spender. Die F\u00f6rderer wollten immer exklusivere Gegenleistungen. Mit Probenbesuchen lie\u00dfen sie sich l\u00e4ngst nicht mehr abspeisen, da konnte Frau Hallmack-Paschulke noch so oft vorrechnen, dass eine F\u00f6rderkreis-Mitgliedschaft mit kostenlosem Besuch aller Generalproben preiswerter sei als ein Abonnement. Der Verein musste mit exklusiverem Programm locken, einer Schnupper-Geigenstunde beim Konzertmeister zum Beispiel. Aber so etwas zu organisieren war m\u00fchsam: Wie oft hatte sie sich schon ein entnervtes \u201eWer f\u00f6rdert hier eigentlich wen?\u201c aus dem Orchester anh\u00f6ren m\u00fcssen.<\/p>\n\n\n\n<p>Gisela Hallmack-Paschulke \u00f6ffnete das Programmheft und l\u00e4chelte. Ihre neue Aktion w\u00fcrde die Lage endlich etwas entspannen. \u201eDie Sinfonie wurde ausgew\u00e4hlt von Hansi Paschulke, Mitglied des F\u00f6rderkreises e. V.\u201c stand dort, genau wie vereinbart.<\/p>\n\n\n\n<hr class=\"wp-block-separator\"\/>\n\n\n\n<p>\u00a9<a href=\"http:\/\/www.acmecke.de\"> Ann-Christine Mecke<\/a> 2010 | erschienen im <a rel=\"noreferrer noopener\" href=\"http:\/\/www.gewandhausmagazin.de\" target=\"_blank\">Gewandhausmagazin<\/a> 69 (Dezember 2010)<\/p>\n\n\n","protected":false},"excerpt":{"rendered":"<p>Gisela Hallmack-Paschulke sah zufrieden auf die R\u00fcckenlehne vor ihr. \u201eHansi Paschulke\u201c war in ein kleines Messingschild eingraviert. Es gefiel ihr immer noch, dass sie bei ihrer ersten Initiative als F\u00f6rderkreis-Vorsitzende<\/p>\n","protected":false},"author":2,"featured_media":655,"comment_status":"open","ping_status":"open","sticky":false,"template":"","format":"standard","meta":[],"categories":[4],"tags":[328,64,197,356,220],"_links":{"self":[{"href":"https:\/\/acmecke.de\/blog\/wp-json\/wp\/v2\/posts\/8"}],"collection":[{"href":"https:\/\/acmecke.de\/blog\/wp-json\/wp\/v2\/posts"}],"about":[{"href":"https:\/\/acmecke.de\/blog\/wp-json\/wp\/v2\/types\/post"}],"author":[{"embeddable":true,"href":"https:\/\/acmecke.de\/blog\/wp-json\/wp\/v2\/users\/2"}],"replies":[{"embeddable":true,"href":"https:\/\/acmecke.de\/blog\/wp-json\/wp\/v2\/comments?post=8"}],"version-history":[{"count":1,"href":"https:\/\/acmecke.de\/blog\/wp-json\/wp\/v2\/posts\/8\/revisions"}],"predecessor-version":[{"id":501,"href":"https:\/\/acmecke.de\/blog\/wp-json\/wp\/v2\/posts\/8\/revisions\/501"}],"wp:featuredmedia":[{"embeddable":true,"href":"https:\/\/acmecke.de\/blog\/wp-json\/wp\/v2\/media\/655"}],"wp:attachment":[{"href":"https:\/\/acmecke.de\/blog\/wp-json\/wp\/v2\/media?parent=8"}],"wp:term":[{"taxonomy":"category","embeddable":true,"href":"https:\/\/acmecke.de\/blog\/wp-json\/wp\/v2\/categories?post=8"},{"taxonomy":"post_tag","embeddable":true,"href":"https:\/\/acmecke.de\/blog\/wp-json\/wp\/v2\/tags?post=8"}],"curies":[{"name":"wp","href":"https:\/\/api.w.org\/{rel}","templated":true}]}}